{"id":2152,"date":"2024-05-31T09:58:02","date_gmt":"2024-05-31T07:58:02","guid":{"rendered":"https:\/\/cabauhotels.com\/bahia-staging\/die-besten-straende-und-buchten-auf-mallorca-ein-mediterranes-paradies\/"},"modified":"2026-04-08T12:09:51","modified_gmt":"2026-04-08T10:09:51","slug":"die-besten-straende-und-buchten-auf-mallorca-ein-mediterranes-paradies","status":"publish","type":"post","link":"https:\/\/cabauhotels.com\/bahia-suites-camp-de-mar\/de\/2024\/05\/31\/die-besten-straende-und-buchten-auf-mallorca-ein-mediterranes-paradies\/","title":{"rendered":"Die besten Str\u00e4nde und Buchten auf Mallorca: Ein mediterranes Paradies"},"content":{"rendered":"\n<p>Mallorca, die gr\u00f6\u00dfte der Baleareninseln, ist ein privilegiertes Reiseziel aufgrund seiner spektakul\u00e4ren Str\u00e4nde und Buchten. Dieses mediterrane Paradies bietet f\u00fcr jeden Geschmack etwas, von wei\u00dfen Sandstr\u00e4nden und kristallklarem Wasser bis hin zu versteckten Buchten, die von beeindruckenden Klippen umgeben sind. In diesem Artikel erkunden wir einige der besten Str\u00e4nde und Buchten auf Mallorca, ideal f\u00fcr einen unvergesslichen Urlaub.  <\/p>\n\n\n\n<h2 class=\"wp-block-heading\">1. Playa de Muro (Muro)<\/h2>\n\n\n\n<figure class=\"wp-block-image size-full\"><img fetchpriority=\"high\" decoding=\"async\" width=\"1024\" height=\"450\" src=\"https:\/\/cabauhotels.com\/bahia-suites-camp-de-mar\/wp-content\/uploads\/sites\/8\/2024\/05\/Playa-de-Muro-Mallorca.webp\" alt=\"Bild von Playa de Muro - Mallorca\" class=\"wp-image-2072\" title=\"\" srcset=\"https:\/\/cabauhotels.com\/bahia-suites-camp-de-mar\/wp-content\/uploads\/sites\/8\/2024\/05\/Playa-de-Muro-Mallorca.webp 1024w, https:\/\/cabauhotels.com\/bahia-suites-camp-de-mar\/wp-content\/uploads\/sites\/8\/2024\/05\/Playa-de-Muro-Mallorca-300x132.webp 300w, https:\/\/cabauhotels.com\/bahia-suites-camp-de-mar\/wp-content\/uploads\/sites\/8\/2024\/05\/Playa-de-Muro-Mallorca-768x338.webp 768w\" sizes=\"(max-width: 1024px) 100vw, 1024px\" \/><\/figure>\n\n\n\n<a href=\"https:\/\/commons.wikimedia.org\/wiki\/File:Playa_de_Muro.JPG\" target=\"_blank\" rel=\"noopener\">Mallorcagallery<\/a>, <a href=\"https:\/\/creativecommons.org\/licenses\/by-sa\/3.0\" target=\"_blank\" rel=\"noopener\">CC BY-SA 3.0<\/a>, via Wikimedia Commons\n\n\n\n<p>Der Playa de Muro, im Nordosten der Insel gelegen, ist einer der l\u00e4ngsten und sch\u00f6nsten Str\u00e4nde Mallorcas. Mit seinem feinen Sand und flachen Gew\u00e4ssern ist er ideal f\u00fcr Familien mit kleinen Kindern. Der Strand bietet alle notwendigen Annehmlichkeiten, einschlie\u00dflich Liegen, Sonnenschirmen und Restaurants. Au\u00dferdem sind die ruhigen und klaren Gew\u00e4sser perfekt f\u00fcr Wassersportarten wie Stand-Up-Paddling und Kajakfahren geeignet.   <\/p>\n\n\n\n<h3 class=\"wp-block-heading\">Wie man hinkommt<\/h3>\n\n\n\n<p>Der Playa de Muro ist leicht mit dem Auto von Alcudia oder Can Picafort zu erreichen, mit vielen nahegelegenen Parkm\u00f6glichkeiten.<\/p>\n\n\n\n<h2 class=\"wp-block-heading\">2. Cala Varques (Manacor)<\/h2>\n\n\n\n<figure class=\"wp-block-image size-full\"><img decoding=\"async\" width=\"1024\" height=\"450\" src=\"https:\/\/cabauhotels.com\/bahia-suites-camp-de-mar\/wp-content\/uploads\/sites\/8\/2024\/05\/Cala-Varques-Mallorca.webp\" alt=\"Bild von Cala Varques - Mallorca\" class=\"wp-image-2076\" title=\"\" srcset=\"https:\/\/cabauhotels.com\/bahia-suites-camp-de-mar\/wp-content\/uploads\/sites\/8\/2024\/05\/Cala-Varques-Mallorca.webp 1024w, https:\/\/cabauhotels.com\/bahia-suites-camp-de-mar\/wp-content\/uploads\/sites\/8\/2024\/05\/Cala-Varques-Mallorca-300x132.webp 300w, https:\/\/cabauhotels.com\/bahia-suites-camp-de-mar\/wp-content\/uploads\/sites\/8\/2024\/05\/Cala-Varques-Mallorca-768x338.webp 768w\" sizes=\"(max-width: 1024px) 100vw, 1024px\" \/><\/figure>\n\n\n\n<a href=\"https:\/\/commons.wikimedia.org\/wiki\/File:Cala_Varques_23.jpg\" target=\"_blank\" rel=\"noopener\">Olaf Tausch<\/a>, <a href=\"https:\/\/creativecommons.org\/licenses\/by\/3.0\" target=\"_blank\" rel=\"noopener\">CC BY 3.0<\/a>, via Wikimedia Commons\n\n\n\n<p>Cala Varques ist ein verstecktes Juwel an der Ostk\u00fcste Mallorcas. Diese unber\u00fchrte Bucht, umgeben von wildem Natur und Klippen, ist perfekt f\u00fcr diejenigen, die Ruhe und nat\u00fcrliche Sch\u00f6nheit suchen. Um Cala Varques zu erreichen, ist eine etwa 20-min\u00fctige Wanderung vom n\u00e4chsten Parkplatz erforderlich, was dem Besuch einen Hauch von Abenteuer verleiht.  <\/p>\n\n\n\n<h3 class=\"wp-block-heading\">Aktivit\u00e4ten<\/h3>\n\n\n\n<p>Neben dem Sonnenbaden und dem Meer ist Cala Varques f\u00fcr seine Unterwasserh\u00f6hlen bekannt, die ideal zum Tauchen und Erkunden sind.<\/p>\n\n\n\n<h2 class=\"wp-block-heading\">3. Playa de Es Trenc (Campos)<\/h2>\n\n\n\n<figure class=\"wp-block-image size-full\"><img decoding=\"async\" width=\"1024\" height=\"450\" src=\"https:\/\/cabauhotels.com\/bahia-suites-camp-de-mar\/wp-content\/uploads\/sites\/8\/2024\/05\/Es-Trenc-Mallorca.webp\" alt=\"Bild von Playa de Es Trenc - mallorca\" class=\"wp-image-2079\" title=\"\" srcset=\"https:\/\/cabauhotels.com\/bahia-suites-camp-de-mar\/wp-content\/uploads\/sites\/8\/2024\/05\/Es-Trenc-Mallorca.webp 1024w, https:\/\/cabauhotels.com\/bahia-suites-camp-de-mar\/wp-content\/uploads\/sites\/8\/2024\/05\/Es-Trenc-Mallorca-300x132.webp 300w, https:\/\/cabauhotels.com\/bahia-suites-camp-de-mar\/wp-content\/uploads\/sites\/8\/2024\/05\/Es-Trenc-Mallorca-768x338.webp 768w\" sizes=\"(max-width: 1024px) 100vw, 1024px\" \/><\/figure>\n\n\n\n<a href=\"https:\/\/commons.wikimedia.org\/wiki\/File:Es_Trenc_Winter.jpg\" target=\"_blank\" rel=\"noopener\">Yaroslav Syubayev<\/a>, <a href=\"https:\/\/creativecommons.org\/licenses\/by-sa\/4.0\" target=\"_blank\" rel=\"noopener\">CC BY-SA 4.0<\/a>, via Wikimedia Commons\n\n\n\n<p>Es Trenc, an der S\u00fcdk\u00fcste der Insel gelegen, wird als einer der sch\u00f6nsten Str\u00e4nde Mallorcas angesehen. Dieser unber\u00fchrte Strand mit wei\u00dfem Sand und t\u00fcrkisfarbenem Wasser erstreckt sich \u00fcber mehr als 3 Kilometer. Es Trenc ist perfekt f\u00fcr diejenigen, die eine nat\u00fcrliche und entspannte Atmosph\u00e4re suchen, da er von D\u00fcnen und einheimischer Vegetation umgeben ist.  <\/p>\n\n\n\n<h3 class=\"wp-block-heading\">Dienstleistungen<\/h3>\n\n\n\n<p>Trotz seiner Unber\u00fchrtheit verf\u00fcgt Es Trenc \u00fcber einige Strandbars und grundlegende Dienstleistungen wie Toiletten und Duschen.<\/p>\n\n\n\n<h2 class=\"wp-block-heading\">4. Cala Mondrag\u00f3 (Santany\u00ed)<\/h2>\n\n\n\n<figure class=\"wp-block-image size-full\"><img loading=\"lazy\" decoding=\"async\" width=\"1024\" height=\"450\" src=\"https:\/\/cabauhotels.com\/bahia-suites-camp-de-mar\/wp-content\/uploads\/sites\/8\/2024\/05\/Cala-Mondrago-Mallorca.webp\" alt=\"\" class=\"wp-image-2082\" title=\"\" srcset=\"https:\/\/cabauhotels.com\/bahia-suites-camp-de-mar\/wp-content\/uploads\/sites\/8\/2024\/05\/Cala-Mondrago-Mallorca.webp 1024w, https:\/\/cabauhotels.com\/bahia-suites-camp-de-mar\/wp-content\/uploads\/sites\/8\/2024\/05\/Cala-Mondrago-Mallorca-300x132.webp 300w, https:\/\/cabauhotels.com\/bahia-suites-camp-de-mar\/wp-content\/uploads\/sites\/8\/2024\/05\/Cala-Mondrago-Mallorca-768x338.webp 768w\" sizes=\"(max-width: 1024px) 100vw, 1024px\" \/><\/figure>\n\n\n\n<p><a href=\"https:\/\/commons.wikimedia.org\/wiki\/File:Mallorca_Sch%C3%B6nste_Str%C3%A4nde_Cala_Mondrago_(181610261).jpeg\" target=\"_blank\" rel=\"noopener\">Dronepicr<\/a>, <a href=\"https:\/\/creativecommons.org\/licenses\/by\/3.0\" target=\"_blank\" rel=\"noopener\">CC BY 3.0<\/a>, via Wikimedia Commons<\/p>\n\n\n\n<p>Im Naturpark Mondrag\u00f3 gelegen, ist diese Bucht eine der malerischsten auf Mallorca. Cala Mondrag\u00f3 zeichnet sich durch kristallklares Wasser und eine gesch\u00fctzte nat\u00fcrliche Umgebung aus, was sie zu einem idealen Ort f\u00fcr Naturliebhaber macht. Die Bucht teilt sich in zwei Str\u00e4nde: S&#8217;Amarador und Mondrag\u00f3, beide gleicherma\u00dfen beeindruckend.  <\/p>\n\n\n\n<h3 class=\"wp-block-heading\">Wandern<\/h3>\n\n\n\n<p>Der Naturpark bietet mehrere Wanderwege, die es erm\u00f6glichen, die Sch\u00f6nheit der Umgebung zu erkunden. Diese Wege verbinden beide Str\u00e4nde und bieten dabei panoramische Ausblicke.<\/p>\n\n\n\n<h2 class=\"wp-block-heading\">5. Cala Agulla (Capdepera)<\/h2>\n\n\n\n<figure class=\"wp-block-image size-full\"><img loading=\"lazy\" decoding=\"async\" width=\"1024\" height=\"450\" src=\"https:\/\/cabauhotels.com\/bahia-suites-camp-de-mar\/wp-content\/uploads\/sites\/8\/2024\/05\/Cala-Agulla-Mallorca.webp\" alt=\"Bild von Cala Agulla -mallorca\" class=\"wp-image-2085\" title=\"\" srcset=\"https:\/\/cabauhotels.com\/bahia-suites-camp-de-mar\/wp-content\/uploads\/sites\/8\/2024\/05\/Cala-Agulla-Mallorca.webp 1024w, https:\/\/cabauhotels.com\/bahia-suites-camp-de-mar\/wp-content\/uploads\/sites\/8\/2024\/05\/Cala-Agulla-Mallorca-300x132.webp 300w, https:\/\/cabauhotels.com\/bahia-suites-camp-de-mar\/wp-content\/uploads\/sites\/8\/2024\/05\/Cala-Agulla-Mallorca-768x338.webp 768w\" sizes=\"(max-width: 1024px) 100vw, 1024px\" \/><\/figure>\n\n\n\n<p><a href=\"https:\/\/commons.wikimedia.org\/wiki\/File:Spain_mallorca_cala_agulla_a.jpg\" target=\"_blank\" rel=\"noopener\">User WALLI1912 on de.wikipedia<\/a> (<a href=\"https:\/\/www.gnu.org\/copyleft\/fdl.html\" target=\"_blank\" rel=\"noopener\">GFDL<\/a> or <a href=\"https:\/\/www.gnu.org\/copyleft\/fdl.html\" target=\"_blank\" rel=\"noopener\">GFDL<\/a>), via Wikimedia Commons<\/p>\n\n\n\n<p>Cala Agulla ist einer der beliebtesten Str\u00e4nde im Nordosten Mallorcas, nahe der Stadt Cala Ratjada. Dieser Strand mit goldenem Sand und klarem Wasser ist perfekt f\u00fcr einen ganzen Tag voller Sonne und Meer. Dar\u00fcber hinaus ist Cala Agulla von einem Kiefernwald umgeben, der nat\u00fcrliche Schattenbereiche bietet, um sich vor der Sonne zu erholen.  <\/p>\n\n\n\n<h3 class=\"wp-block-heading\">Sportliche Aktivit\u00e4ten<\/h3>\n\n\n\n<p>Cala Agulla ist ein ausgezeichneter Ort f\u00fcr Wassersportarten wie Windsurfen und Schnorcheln. Zudem k\u00f6nnen Kajaks und Paddle-Boards gemietet werden. <\/p>\n\n\n\n<h2 class=\"wp-block-heading\">6. Cala Dei\u00e0 (Dei\u00e0)<\/h2>\n\n\n\n<figure class=\"wp-block-image size-full\"><img loading=\"lazy\" decoding=\"async\" width=\"1024\" height=\"450\" src=\"https:\/\/cabauhotels.com\/bahia-suites-camp-de-mar\/wp-content\/uploads\/sites\/8\/2024\/05\/Cala-Deia-Mallorca.webp\" alt=\"Bild von Cala Dei\u00e1 - Mallorca\" class=\"wp-image-2088\" title=\"\" srcset=\"https:\/\/cabauhotels.com\/bahia-suites-camp-de-mar\/wp-content\/uploads\/sites\/8\/2024\/05\/Cala-Deia-Mallorca.webp 1024w, https:\/\/cabauhotels.com\/bahia-suites-camp-de-mar\/wp-content\/uploads\/sites\/8\/2024\/05\/Cala-Deia-Mallorca-300x132.webp 300w, https:\/\/cabauhotels.com\/bahia-suites-camp-de-mar\/wp-content\/uploads\/sites\/8\/2024\/05\/Cala-Deia-Mallorca-768x338.webp 768w\" sizes=\"(max-width: 1024px) 100vw, 1024px\" \/><\/figure>\n\n\n\n<p><a href=\"https:\/\/commons.wikimedia.org\/wiki\/File:Mallorcaseaview_11.JPG\" target=\"_blank\" rel=\"noopener\">Paasikivi<\/a>, <a href=\"https:\/\/creativecommons.org\/licenses\/by-sa\/4.0\" target=\"_blank\" rel=\"noopener\">CC BY-SA 4.0<\/a>, via Wikimedia Commons<\/p>\n\n\n\n<p>Cala Dei\u00e0 ist eine kleine Kiesbucht an der Nordwestk\u00fcste Mallorcas, in der N\u00e4he des charmanten Dorfes Dei\u00e0. Mit ihrem kristallklaren Wasser und der ruhigen Atmosph\u00e4re ist sie ein idealer Ort zum Entspannen und um die nat\u00fcrliche Sch\u00f6nheit der Sierra de Tramuntana zu genie\u00dfen. Cala Dei\u00e0 ist bekannt daf\u00fcr, ein inspirierender Ort f\u00fcr K\u00fcnstler und Schriftsteller zu sein.  <\/p>\n\n\n\n<h3 class=\"wp-block-heading\">Gastronomie<\/h3>\n\n\n\n<p>In Cala Dei\u00e0 gibt es ein paar Restaurants, die frische Meeresfr\u00fcchte und typische mallorquinische Gerichte anbieten, mit beeindruckendem Meerblick.<\/p>\n\n\n\n<h2 class=\"wp-block-heading\">7. Playa de Formentor (Pollen\u00e7a)<\/h2>\n\n\n\n<figure class=\"wp-block-image size-full\"><img loading=\"lazy\" decoding=\"async\" width=\"1024\" height=\"450\" src=\"https:\/\/cabauhotels.com\/bahia-suites-camp-de-mar\/wp-content\/uploads\/sites\/8\/2024\/05\/Playa-de-Formentor-Mallorca.webp\" alt=\"Bild von Playa de Formentor - Mallorca\" class=\"wp-image-2091\" title=\"\" srcset=\"https:\/\/cabauhotels.com\/bahia-suites-camp-de-mar\/wp-content\/uploads\/sites\/8\/2024\/05\/Playa-de-Formentor-Mallorca.webp 1024w, https:\/\/cabauhotels.com\/bahia-suites-camp-de-mar\/wp-content\/uploads\/sites\/8\/2024\/05\/Playa-de-Formentor-Mallorca-300x132.webp 300w, https:\/\/cabauhotels.com\/bahia-suites-camp-de-mar\/wp-content\/uploads\/sites\/8\/2024\/05\/Playa-de-Formentor-Mallorca-768x338.webp 768w\" sizes=\"(max-width: 1024px) 100vw, 1024px\" \/><\/figure>\n\n\n\n<p><a href=\"https:\/\/commons.wikimedia.org\/wiki\/File:Cala_Formentor,_Strand_am_Cap_Formentor_(10583887744).jpg\" target=\"_blank\" rel=\"noopener\">Dirk Vorderstra\u00dfe<\/a>, <a href=\"https:\/\/creativecommons.org\/licenses\/by\/2.0\" target=\"_blank\" rel=\"noopener\">CC BY 2.0<\/a>, via Wikimedia Commons<\/p>\n\n\n\n<p>Der Playa de Formentor, auf der gleichnamigen Halbinsel gelegen, ist einer der emblematischsten Str\u00e4nde Mallorcas. Mit seinem wei\u00dfen Sand und kristallklaren Wasser ist dieser Strand ein absolutes Muss. Die Halbinsel Formentor bietet auch spektakul\u00e4re Ausblicke und Wanderwege, die zu Aussichtspunkten wie dem Mirador de Es Colomer f\u00fchren.  <\/p>\n\n\n\n<h3 class=\"wp-block-heading\">Wie man hinkommt<\/h3>\n\n\n\n<p>Man kann den Playa de Formentor mit dem Auto von Pollen\u00e7a aus erreichen, obwohl in der Hochsaison der Zugang mit dem Auto eingeschr\u00e4nkt sein kann. Es wird empfohlen, den Busservice zu nutzen.<\/p>\n\n\n\n<h2 class=\"wp-block-heading\">8. Cala S&#8217;Almunia (Santany\u00ed)<\/h2>\n\n\n\n<figure class=\"wp-block-image size-full\"><img loading=\"lazy\" decoding=\"async\" width=\"1024\" height=\"450\" src=\"https:\/\/cabauhotels.com\/bahia-suites-camp-de-mar\/wp-content\/uploads\/sites\/8\/2024\/05\/Cala-S-almunia-Mallorca.webp\" alt=\"Bild von Cala S&#039;Almunia\" class=\"wp-image-2094\" title=\"\" srcset=\"https:\/\/cabauhotels.com\/bahia-suites-camp-de-mar\/wp-content\/uploads\/sites\/8\/2024\/05\/Cala-S-almunia-Mallorca.webp 1024w, https:\/\/cabauhotels.com\/bahia-suites-camp-de-mar\/wp-content\/uploads\/sites\/8\/2024\/05\/Cala-S-almunia-Mallorca-300x132.webp 300w, https:\/\/cabauhotels.com\/bahia-suites-camp-de-mar\/wp-content\/uploads\/sites\/8\/2024\/05\/Cala-S-almunia-Mallorca-768x338.webp 768w\" sizes=\"(max-width: 1024px) 100vw, 1024px\" \/><\/figure>\n\n\n\n<p><a href=\"https:\/\/commons.wikimedia.org\/wiki\/File:S%C2%B4almunia_4_-_panoramio.jpg\" target=\"_blank\" rel=\"noopener\">mateu mulet<\/a>, <a href=\"https:\/\/creativecommons.org\/licenses\/by\/3.0\" target=\"_blank\" rel=\"noopener\">CC BY 3.0<\/a>, via Wikimedia Commons<\/p>\n\n\n\n<p>Cala S&#8217;Almunia ist eine malerische Bucht im S\u00fcdosten Mallorcas. Diese kleine Bucht mit t\u00fcrkisfarbenem Wasser und umgeben von Klippen ist ideal f\u00fcr diejenigen, die einen ruhigen und wenig besuchten Ort suchen. Der Zugang zur Cala S&#8217;Almunia erfolgt \u00fcber einen Pfad, der entlang der Klippen hinunterf\u00fchrt und w\u00e4hrend der Wanderung spektakul\u00e4re Ausblicke bietet.  <\/p>\n\n\n\n<h3 class=\"wp-block-heading\">Schnorcheln<\/h3>\n\n\n\n<p>Das klare Wasser und der reiche Meereslebensraum machen Cala S&#8217;Almunia zu einem perfekten Ort zum Schnorcheln und Erkunden der Unterwasserwelt.<\/p>\n\n\n\n<h2 class=\"wp-block-heading\">9. Playa de Portals Vells (Calvi\u00e0)<\/h2>\n\n\n\n<figure class=\"wp-block-image size-full\"><img loading=\"lazy\" decoding=\"async\" width=\"1024\" height=\"450\" src=\"https:\/\/cabauhotels.com\/bahia-suites-camp-de-mar\/wp-content\/uploads\/sites\/8\/2024\/05\/Playa-de-Portals-Vells-Mallorca.webp\" alt=\"Bild von Playa de Portals Vells - Mallorca\" class=\"wp-image-2097\" title=\"\" srcset=\"https:\/\/cabauhotels.com\/bahia-suites-camp-de-mar\/wp-content\/uploads\/sites\/8\/2024\/05\/Playa-de-Portals-Vells-Mallorca.webp 1024w, https:\/\/cabauhotels.com\/bahia-suites-camp-de-mar\/wp-content\/uploads\/sites\/8\/2024\/05\/Playa-de-Portals-Vells-Mallorca-300x132.webp 300w, https:\/\/cabauhotels.com\/bahia-suites-camp-de-mar\/wp-content\/uploads\/sites\/8\/2024\/05\/Playa-de-Portals-Vells-Mallorca-768x338.webp 768w\" sizes=\"(max-width: 1024px) 100vw, 1024px\" \/><\/figure>\n\n\n\n<p><a href=\"https:\/\/commons.wikimedia.org\/wiki\/File:Platgeta_de_Portals_Vells.jpg\" target=\"_blank\" rel=\"noopener\">RafelJuan<\/a>, <a href=\"https:\/\/creativecommons.org\/licenses\/by-sa\/3.0\" target=\"_blank\" rel=\"noopener\">CC BY-SA 3.0<\/a>, via Wikimedia Commons<\/p>\n\n\n\n<p>Portals Vells ist ein ruhiger Strand im S\u00fcdwesten Mallorcas, gelegen in einer kleinen Bucht, die von Kiefernw\u00e4ldern umgeben ist. Dieser Strand mit feinem Sand und kristallklarem Wasser ist ideal f\u00fcr Familien und f\u00fcr diejenigen, die einen entspannten und charmanten Ort suchen. Portals Vells verf\u00fcgt \u00fcber mehrere Meeresgrotten, die schwimmend erkundet werden k\u00f6nnen.  <\/p>\n\n\n\n<h3 class=\"wp-block-heading\">Dienstleistungen<\/h3>\n\n\n\n<p>Der Strand von Portals Vells verf\u00fcgt \u00fcber eine Strandbar, wo man Getr\u00e4nke und Speisen genie\u00dfen kann, sowie \u00fcber grundlegende Dienstleistungen wie Toiletten und Duschen.<\/p>\n\n\n\n<h2 class=\"wp-block-heading\">10. Cala Mesquida (Capdepera)<\/h2>\n\n\n\n<figure class=\"wp-block-image size-full\"><img loading=\"lazy\" decoding=\"async\" width=\"1024\" height=\"450\" src=\"https:\/\/cabauhotels.com\/bahia-suites-camp-de-mar\/wp-content\/uploads\/sites\/8\/2024\/05\/Cala-Mesquida-Mallorca.webp\" alt=\"Bild von Cala Mesquida - Mallorca\" class=\"wp-image-2100\" title=\"\" srcset=\"https:\/\/cabauhotels.com\/bahia-suites-camp-de-mar\/wp-content\/uploads\/sites\/8\/2024\/05\/Cala-Mesquida-Mallorca.webp 1024w, https:\/\/cabauhotels.com\/bahia-suites-camp-de-mar\/wp-content\/uploads\/sites\/8\/2024\/05\/Cala-Mesquida-Mallorca-300x132.webp 300w, https:\/\/cabauhotels.com\/bahia-suites-camp-de-mar\/wp-content\/uploads\/sites\/8\/2024\/05\/Cala-Mesquida-Mallorca-768x338.webp 768w\" sizes=\"(max-width: 1024px) 100vw, 1024px\" \/><\/figure>\n\n\n\n<p><a href=\"https:\/\/commons.wikimedia.org\/wiki\/File:Cala_Mesquida_beach_in_Mallorca,_Spain_(47988460597).jpg\" target=\"_blank\" rel=\"noopener\">dronepicr<\/a>, <a href=\"https:\/\/creativecommons.org\/licenses\/by\/2.0\" target=\"_blank\" rel=\"noopener\">CC BY 2.0<\/a>, via Wikimedia Commons<\/p>\n\n\n\n<p>Cala Mesquida ist ein spektakul\u00e4rer Strand im Nordosten Mallorcas, bekannt f\u00fcr seine Sandd\u00fcnen und seine gesch\u00fctzte nat\u00fcrliche Umgebung. Dieser Strand ist ideal f\u00fcr diejenigen, die lange Spazierg\u00e4nge am Ufer und Wassersportarten wie Surfen genie\u00dfen, da die Wellen oft perfekt f\u00fcr diesen Sport sind.<\/p>\n\n\n\n<h3 class=\"wp-block-heading\">Fauna<\/h3>\n\n\n\n<p>Cala Mesquida ist auch ein idealer Ort f\u00fcr Naturliebhaber, da in den D\u00fcnen verschiedene Arten von Seev\u00f6geln leben, die beobachtet werden k\u00f6nnen.<\/p>\n\n\n\n<h2 class=\"wp-block-heading\">Tipps f\u00fcr den Besuch der Str\u00e4nde und Buchten auf Mallorca<\/h2>\n\n\n\n<h3 class=\"wp-block-heading\">Transport<\/h3>\n\n\n\n<p>Die Anmietung eines Autos ist eine der besten Optionen, um die verschiedenen Str\u00e4nde und Buchten Mallorcas zu erkunden, da viele von ihnen nicht gut mit \u00f6ffentlichen Verkehrsmitteln erreichbar sind.<\/p>\n\n\n\n<h3 class=\"wp-block-heading\">Beste Reisezeit<\/h3>\n\n\n\n<p>Die beste Reisezeit f\u00fcr Mallorca ist von Mai bis September, wenn das Wetter w\u00e4rmer ist und das Wasser perfekt zum Schwimmen geeignet ist.<\/p>\n\n\n\n<h3 class=\"wp-block-heading\">Respeto al Medio Ambiente<\/h3>\n\n\n\n<p>Es ist wichtig, immer allen M\u00fcll mitzunehmen und die nat\u00fcrliche Umgebung zu respektieren, um die Sch\u00f6nheit dieser Str\u00e4nde und Buchten zu bewahren.<\/p>\n\n\n\n<h2 class=\"wp-block-heading\">Fazit<\/h2>\n\n\n\n<p>Mallorca ist ein Traumziel mit einer gro\u00dfen Vielfalt an Str\u00e4nden und Buchten f\u00fcr jeden Geschmack. Von weitl\u00e4ufigen wei\u00dfen Sandstr\u00e4nden bis hin zu versteckten Buchten, die von Natur umgeben sind, bietet jeder Winkel dieser Insel etwas Einzigartiges und Besonderes. Plane deine Reise und entdecke, warum Mallorca eines der beliebtesten Reiseziele im Mittelmeerraum ist.<\/p>\n\n\n\n<p><strong>Das k\u00f6nnte Sie auch interessieren:<\/strong> <a href=\"https:\/\/cabauhotels.com\/de\/mallorca\/romantische-auszeiten-auf-mallorca-perfekte-orte-fuer-deine-flitterwochen\/\" target=\"_blank\" rel=\"noreferrer noopener\">romantische Kurztrips auf Mallorca<\/a><\/p>\n\n\n\n<p><strong><a href=\"https:\/\/cabauhotels.com\/bahia-suites-camp-de-mar\/de\/\">Hotel direkt am Meer in Camp de Mar<\/a><\/strong><\/p>\n\n\n\n<p><\/p>\n","protected":false},"excerpt":{"rendered":"<p>Mallorca, die gr\u00f6\u00dfte der Baleareninseln, ist ein privilegiertes Reiseziel aufgrund seiner spektakul\u00e4ren Str\u00e4nde und Buchten. Dieses mediterrane Paradies bietet f\u00fcr jeden Geschmack etwas, von wei\u00dfen Sandstr\u00e4nden und kristallklarem Wasser bis hin zu versteckten Buchten, die von beeindruckenden Klippen umgeben sind. In diesem Artikel erkunden wir einige der besten Str\u00e4nde und Buchten auf Mallorca, ideal f\u00fcr [&hellip;]<\/p>\n","protected":false},"author":1,"featured_media":2102,"comment_status":"closed","ping_status":"closed","sticky":false,"template":"","format":"standard","meta":{"footnotes":""},"categories":[34,2],"tags":[],"class_list":["post-2152","post","type-post","status-publish","format-standard","has-post-thumbnail","hentry","category-mallorca-de","category-unkategorisiert"],"_links":{"self":[{"href":"https:\/\/cabauhotels.com\/bahia-suites-camp-de-mar\/de\/wp-json\/wp\/v2\/posts\/2152","targetHints":{"allow":["GET"]}}],"collection":[{"href":"https:\/\/cabauhotels.com\/bahia-suites-camp-de-mar\/de\/wp-json\/wp\/v2\/posts"}],"about":[{"href":"https:\/\/cabauhotels.com\/bahia-suites-camp-de-mar\/de\/wp-json\/wp\/v2\/types\/post"}],"author":[{"embeddable":true,"href":"https:\/\/cabauhotels.com\/bahia-suites-camp-de-mar\/de\/wp-json\/wp\/v2\/users\/1"}],"replies":[{"embeddable":true,"href":"https:\/\/cabauhotels.com\/bahia-suites-camp-de-mar\/de\/wp-json\/wp\/v2\/comments?post=2152"}],"version-history":[{"count":2,"href":"https:\/\/cabauhotels.com\/bahia-suites-camp-de-mar\/de\/wp-json\/wp\/v2\/posts\/2152\/revisions"}],"predecessor-version":[{"id":4230,"href":"https:\/\/cabauhotels.com\/bahia-suites-camp-de-mar\/de\/wp-json\/wp\/v2\/posts\/2152\/revisions\/4230"}],"wp:featuredmedia":[{"embeddable":true,"href":"https:\/\/cabauhotels.com\/bahia-suites-camp-de-mar\/de\/wp-json\/wp\/v2\/media\/2102"}],"wp:attachment":[{"href":"https:\/\/cabauhotels.com\/bahia-suites-camp-de-mar\/de\/wp-json\/wp\/v2\/media?parent=2152"}],"wp:term":[{"taxonomy":"category","embeddable":true,"href":"https:\/\/cabauhotels.com\/bahia-suites-camp-de-mar\/de\/wp-json\/wp\/v2\/categories?post=2152"},{"taxonomy":"post_tag","embeddable":true,"href":"https:\/\/cabauhotels.com\/bahia-suites-camp-de-mar\/de\/wp-json\/wp\/v2\/tags?post=2152"}],"curies":[{"name":"wp","href":"https:\/\/api.w.org\/{rel}","templated":true}]}}