{"id":4606,"date":"2025-07-31T09:51:57","date_gmt":"2025-07-31T07:51:57","guid":{"rendered":"https:\/\/cabauhotels.com\/?p=4606"},"modified":"2025-08-19T09:54:25","modified_gmt":"2025-08-19T07:54:25","slug":"was-man-auf-gran-canaria-unternehmen-kann-unverzichtbare-tipps-fuer-einen-unvergesslichen-urlaub","status":"publish","type":"post","link":"https:\/\/cabauhotels.com\/de\/gran-canaria\/was-man-auf-gran-canaria-unternehmen-kann-unverzichtbare-tipps-fuer-einen-unvergesslichen-urlaub\/","title":{"rendered":"Was man auf Gran Canaria unternehmen kann: Unverzichtbare Tipps f\u00fcr einen unvergesslichen Urlaub"},"content":{"rendered":"\n<p><strong>Gran Canaria: Wo der Sommer niemals in Rente geht<\/strong><\/p>\n\n\n\n<p><a href=\"https:\/\/cabauhotels.com\/de\/reiseziele\/hotels-auf-gran-canaria\/\" target=\"_blank\" rel=\"noreferrer noopener\">Gran Canaria<\/a> zu bereisen hei\u00dft nicht nur, Sehensw\u00fcrdigkeiten abzuhaken \u2013 es hei\u00dft, sich von einer Insel verf\u00fchren zu lassen, die in Widerspr\u00fcchen lebt und gerade darin ihre gr\u00f6\u00dfte Anziehungskraft findet. An einem einzigen Tag kann man durch Sandd\u00fcnen wandern, in Bergnebel versinken, am Ozean d\u00f6sen und in einem Dorf dinieren, das wirkt, als h\u00e4tte es sich 1950 schlafen gelegt.<\/p>\n\n\n\n<p>Hier ist dein Reisef\u00fchrer \u2013 aber keiner von der langweiligen Sorte. Ein bisschen poetisch, ein bisschen ironisch, aber vor allem: menschlich.<\/p>\n\n\n\n<h3 class=\"wp-block-heading\"><strong>Beste Reisezeit (Oder: Du brauchst keinen Vorwand)<\/strong><\/h3>\n\n\n\n<p>Gran Canaria ist klimatisch gesehen ein kleines Wunder. 20 bis 27 \u00b0C das ganze Jahr \u00fcber \u2013 als h\u00e4tte ein Meteorologe mit Hang zum Hedonismus das Wetter programmiert. Wenn du weniger Touristen und mehr Authentizit\u00e4t willst: Reise im Fr\u00fchling oder Fr\u00fchherbst (April\u2013Juni \/ September\u2013Oktober). Die Sonne bleibt, die Menschenmassen nicht.<\/p>\n\n\n\n<p>Wichtig: Die Insel ist ein Mosaik aus Mikroklimata. Der S\u00fcden ist trocken und warm, der Norden feucht und gr\u00fcn. Pack also Badesachen <em>und<\/em> eine Jacke. Die Insel ist launisch \u2013 und das ist gut so.<\/p>\n\n\n\n<h3 class=\"wp-block-heading\"><strong>Drei Routen \u2013 eine Seele<\/strong><\/h3>\n\n\n\n<h4 class=\"wp-block-heading\">\ud83c\udf1e <strong>Der S\u00fcden: Sonne, Strand und Leben pur<\/strong><\/h4>\n\n\n\n<p>Starte in Playa del Ingl\u00e9s \u2013 ein buntes Chaos aus Sonnenanbetern, Feierw\u00fctigen und Rentnern mit Sonnenh\u00fcten. Weiter zu den surrealen D\u00fcnen von Maspalomas: W\u00fcste k\u00fcsst Atlantik. Danach etwas Eleganz in Meloneras, und zum Ausklang nach Puerto de Mog\u00e1n \u2013 ein Fischerdorf mit Kan\u00e4len, Blumen und Dolce Vita.<\/p>\n\n\n\n<h4 class=\"wp-block-heading\">\ud83c\udfd4\ufe0f <strong>Das Zentrum: Natur mit Charakter<\/strong><\/h4>\n\n\n\n<p>Fahre hinauf nach San Bartolom\u00e9 de Tirajana und weiter nach Tejeda, einem Bergdorf mit Mandelb\u00e4umen, Stille und Herz. Der Roque Nublo thront \u00fcber allem \u2013 ein Naturdenkmal, das aussieht wie ein erhobener Zeigefinger der G\u00f6tter. Hier ist Gran Canaria roh, sch\u00f6n und ohne Filter.<\/p>\n\n\n\n<h4 class=\"wp-block-heading\">\ud83c\udfdb\ufe0f <strong>Der Norden: Kultur und Kontraste<\/strong><\/h4>\n\n\n\n<p>Las Palmas ist mehr als Hauptstadt \u2013 sie ist eine B\u00fchne. Schlendere durch das koloniale Vegueta, besuche das Kolumbus-Haus, koste dich durch den Markt. Weiter nach Arucas mit seiner neogotischen Kirche, und dann nach Firgas oder Teror f\u00fcr echtes kanarisches Lebensgef\u00fchl.<\/p>\n\n\n\n<h3 class=\"wp-block-heading\"><strong>Aktivit\u00e4ten f\u00fcr alle Typen<\/strong><\/h3>\n\n\n\n<ul class=\"wp-block-list\">\n<li><strong>Alleinreisende<\/strong>: stille Wanderwege, Yoga bei Sonnenaufgang, Retreats im Inselinneren.<\/li>\n\n\n\n<li><strong>Paare<\/strong>: romantische Spazierg\u00e4nge, Dinner mit Meeresblick und Spa-Stunden ohne Uhr.<\/li>\n\n\n\n<li><strong>Familien<\/strong>: Wasserparks, Tierparks, Str\u00e4nde mit seichtem Wasser und null Sorgen.<\/li>\n\n\n\n<li><strong>Freunde<\/strong>: Surfen, Radeln, Livemusik und viel gemeinsames Lachen.<\/li>\n<\/ul>\n\n\n\n<h3 class=\"wp-block-heading\"><strong>Reisen wie ein Canario<\/strong><\/h3>\n\n\n\n<p>Wenn du \u00fcber das Offensichtliche hinaus willst:<\/p>\n\n\n\n<ul class=\"wp-block-list\">\n<li>Entdecke Wochenm\u00e4rkte in Teror oder San Mateo.<\/li>\n\n\n\n<li>Wandere durch die wilde Schlucht von Guayadeque mit ihren H\u00f6hlenh\u00e4usern.<\/li>\n\n\n\n<li>Iss papas arrugadas mit Mojo, Gofio und K\u00e4se mit Charakter.<\/li>\n\n\n\n<li>Und wenn eine Romer\u00eda stattfindet \u2013 geh hin. Tanze, trinke, lebe.<\/li>\n<\/ul>\n\n\n\n<h3 class=\"wp-block-heading\"><strong>Unterk\u00fcnfte mit Herz (und Lage)<\/strong><\/h3>\n\n\n\n<ul class=\"wp-block-list\">\n<li><strong><a href=\"https:\/\/cabauhotels.com\/calador-apartments\/\" target=\"_blank\" rel=\"noreferrer noopener\">Cala D\u2019Or Apartamentos<\/a><\/strong>: Strandnah und unkompliziert.<\/li>\n\n\n\n<li><strong><a href=\"https:\/\/cabauhotels.com\/altair-suites\/\" target=\"_blank\" rel=\"noreferrer noopener\">Altair Suites<\/a><\/strong>: F\u00fcr stille Genie\u00dfer mit Fernblick.<\/li>\n\n\n\n<li><strong><a href=\"https:\/\/cabauhotels.com\/cala-nova\/\">Cala Nova<\/a><\/strong>: F\u00fcr alle, die das Meer direkt vor der T\u00fcr wollen.<\/li>\n<\/ul>\n\n\n\n<hr class=\"wp-block-separator has-alpha-channel-opacity\"\/>\n\n\n\n<p><strong>Gran Canaria ist kein Ziel \u2013 es ist ein Erlebnis.<\/strong> Und bei jedem Besuch offenbart sie dir ein St\u00fcck mehr von ihrer Seele. Die Insel erz\u00e4hlt keine Geschichte. Sie l\u00e4sst dich Teil davon werden.<\/p>\n\n\n\n<p><\/p>\n","protected":false},"excerpt":{"rendered":"<p>Gran Canaria: Wo der Sommer niemals in Rente geht Gran Canaria zu bereisen hei\u00dft nicht nur, Sehensw\u00fcrdigkeiten abzuhaken \u2013 es hei\u00dft, sich von einer Insel verf\u00fchren zu lassen, die in Widerspr\u00fcchen lebt und gerade darin ihre gr\u00f6\u00dfte Anziehungskraft findet. An einem einzigen Tag kann man durch Sandd\u00fcnen wandern, in Bergnebel versinken, am Ozean d\u00f6sen und [&hellip;]<\/p>\n","protected":false},"author":1,"featured_media":3759,"comment_status":"open","ping_status":"open","sticky":false,"template":"","format":"standard","meta":{"_acf_changed":false,"site-sidebar-layout":"default","site-content-layout":"","ast-site-content-layout":"default","site-content-style":"default","site-sidebar-style":"default","ast-global-header-display":"","ast-banner-title-visibility":"","ast-main-header-display":"","ast-hfb-above-header-display":"","ast-hfb-below-header-display":"","ast-hfb-mobile-header-display":"","site-post-title":"","ast-breadcrumbs-content":"","ast-featured-img":"","footer-sml-layout":"","ast-disable-related-posts":"","theme-transparent-header-meta":"","adv-header-id-meta":"","stick-header-meta":"","header-above-stick-meta":"","header-main-stick-meta":"","header-below-stick-meta":"","astra-migrate-meta-layouts":"set","ast-page-background-enabled":"default","ast-page-background-meta":{"desktop":{"background-color":"","background-image":"","background-repeat":"repeat","background-position":"center center","background-size":"auto","background-attachment":"scroll","background-type":"","background-media":"","overlay-type":"","overlay-color":"","overlay-opacity":"","overlay-gradient":""},"tablet":{"background-color":"","background-image":"","background-repeat":"repeat","background-position":"center center","background-size":"auto","background-attachment":"scroll","background-type":"","background-media":"","overlay-type":"","overlay-color":"","overlay-opacity":"","overlay-gradient":""},"mobile":{"background-color":"","background-image":"","background-repeat":"repeat","background-position":"center center","background-size":"auto","background-attachment":"scroll","background-type":"","background-media":"","overlay-type":"","overlay-color":"","overlay-opacity":"","overlay-gradient":""}},"ast-content-background-meta":{"desktop":{"background-color":"var(--ast-global-color-5)","background-image":"","background-repeat":"repeat","background-position":"center center","background-size":"auto","background-attachment":"scroll","background-type":"","background-media":"","overlay-type":"","overlay-color":"","overlay-opacity":"","overlay-gradient":""},"tablet":{"background-color":"var(--ast-global-color-5)","background-image":"","background-repeat":"repeat","background-position":"center center","background-size":"auto","background-attachment":"scroll","background-type":"","background-media":"","overlay-type":"","overlay-color":"","overlay-opacity":"","overlay-gradient":""},"mobile":{"background-color":"var(--ast-global-color-5)","background-image":"","background-repeat":"repeat","background-position":"center center","background-size":"auto","background-attachment":"scroll","background-type":"","background-media":"","overlay-type":"","overlay-color":"","overlay-opacity":"","overlay-gradient":""}},"footnotes":""},"categories":[74],"tags":[],"class_list":["post-4606","post","type-post","status-publish","format-standard","has-post-thumbnail","hentry","category-gran-canaria"],"acf":[],"_links":{"self":[{"href":"https:\/\/cabauhotels.com\/de\/wp-json\/wp\/v2\/posts\/4606","targetHints":{"allow":["GET"]}}],"collection":[{"href":"https:\/\/cabauhotels.com\/de\/wp-json\/wp\/v2\/posts"}],"about":[{"href":"https:\/\/cabauhotels.com\/de\/wp-json\/wp\/v2\/types\/post"}],"author":[{"embeddable":true,"href":"https:\/\/cabauhotels.com\/de\/wp-json\/wp\/v2\/users\/1"}],"replies":[{"embeddable":true,"href":"https:\/\/cabauhotels.com\/de\/wp-json\/wp\/v2\/comments?post=4606"}],"version-history":[{"count":0,"href":"https:\/\/cabauhotels.com\/de\/wp-json\/wp\/v2\/posts\/4606\/revisions"}],"wp:featuredmedia":[{"embeddable":true,"href":"https:\/\/cabauhotels.com\/de\/wp-json\/wp\/v2\/media\/3759"}],"wp:attachment":[{"href":"https:\/\/cabauhotels.com\/de\/wp-json\/wp\/v2\/media?parent=4606"}],"wp:term":[{"taxonomy":"category","embeddable":true,"href":"https:\/\/cabauhotels.com\/de\/wp-json\/wp\/v2\/categories?post=4606"},{"taxonomy":"post_tag","embeddable":true,"href":"https:\/\/cabauhotels.com\/de\/wp-json\/wp\/v2\/tags?post=4606"}],"curies":[{"name":"wp","href":"https:\/\/api.w.org\/{rel}","templated":true}]}}