{"id":4641,"date":"2025-08-04T10:06:50","date_gmt":"2025-08-04T08:06:50","guid":{"rendered":"https:\/\/cabauhotels.com\/?p=4641"},"modified":"2025-08-19T09:54:16","modified_gmt":"2025-08-19T07:54:16","slug":"historische-statten-in-palma-de-mallorca","status":"publish","type":"post","link":"https:\/\/cabauhotels.com\/de\/mallorca\/historische-statten-in-palma-de-mallorca\/","title":{"rendered":"Historische St\u00e4tten in Palma de Mallorca"},"content":{"rendered":"\n<h1 class=\"wp-block-heading\">Palma de Mallorca: Eine Stadt aus Stein, Schatten und Salz<\/h1>\n\n<p>Die meisten Besucher kommen nach Palma de Mallorca auf der Suche nach einer Postkarte: t\u00fcrkisfarbenes Meer, k\u00fchle Getr\u00e4nke, Sonnenunterg\u00e4nge durch Sonnenbrillen gefiltert und Instagram-optimiert. Doch unter dieser sonnengetr\u00e4nkten Oberfl\u00e4che \u2013 so verf\u00fchrerisch wie fl\u00fcchtig \u2013 verbirgt sich eine Stadt, die ihre Geschichte nicht vergisst. Sie tr\u00e4gt sie wie eine zweite Haut. <\/p>\n\n<p>Palma ist nicht nur das Bildschirmschoner-Europa. Es ist ein lebendiges Palimpsest. Eine Moschee wird zur Kathedrale. Ein arabisches Bad schl\u00e4ft unter Orangenb\u00e4umen. Eine gotische Handelsb\u00f6rse wird zur B\u00fchne f\u00fcr moderne Kunst. Willkommen in einer Stadt, in der Vergangenheit und Gegenwart koexistieren wie geschiedene Liebende: Sie sprechen nicht mehr miteinander, aber sie erkennen sich noch.  <\/p>\n\n<h2 class=\"wp-block-heading\">Die Kathedrale von Palma: Gotik mit einem Herzschlag aus Moderne<\/h2>\n\n<figure class=\"wp-block-image alignwide size-large\"><img fetchpriority=\"high\" decoding=\"async\" width=\"1024\" height=\"576\" src=\"https:\/\/cabauhotels.com\/wp-content\/uploads\/2025\/08\/palma-de-mallorca-catedral-1024x576.webp\" alt=\"Kathedrale von Palma de mallorca\" class=\"wp-image-4625\" srcset=\"https:\/\/cabauhotels.com\/wp-content\/uploads\/2025\/08\/palma-de-mallorca-catedral-1024x576.webp 1024w, https:\/\/cabauhotels.com\/wp-content\/uploads\/2025\/08\/palma-de-mallorca-catedral-300x169.webp 300w, https:\/\/cabauhotels.com\/wp-content\/uploads\/2025\/08\/palma-de-mallorca-catedral-768x432.webp 768w, https:\/\/cabauhotels.com\/wp-content\/uploads\/2025\/08\/palma-de-mallorca-catedral-1536x864.webp 1536w, https:\/\/cabauhotels.com\/wp-content\/uploads\/2025\/08\/palma-de-mallorca-catedral.webp 1920w\" sizes=\"(max-width: 1024px) 100vw, 1024px\" \/><\/figure>\n\n<p>Sie erhebt sich am Meer wie eine steinerne W\u00e4chterin \u2013 auf der Suche nach alten Feinden oder neuen Selfies. Die Kathedrale von Palma, <em>La Seu<\/em>, wirkt wie eine Sandburg, die sich versteinert hat, bevor die Flut kam. Errichtet zwischen dem 13. und 17. Jahrhundert \u00fcber einer ehemaligen Moschee \u2013 ein architektonischer Schachzug oder ein religi\u00f6ser Kommentar? \u2013 ist sie ein Meisterwerk der katalanischen Gotik.  <\/p>\n\n<p>Aber das ist nicht nur ein Relikt der Fr\u00f6mmigkeit. Im Inneren haben Antoni Gaud\u00ed und der zeitgen\u00f6ssische K\u00fcnstler Miquel Barcel\u00f3 ihre Spuren hinterlassen: gotische Strenge trifft auf surrealistische Visionen. Hier lebt nicht nur die Geschichte \u2013 sie entwickelt sich weiter, jeden Tag. <\/p>\n\n<h2 class=\"wp-block-heading\">Der K\u00f6nigspalast La Almudaina: Kulturkonflikt in Stein gemei\u00dfelt<\/h2>\n\n<figure class=\"wp-block-image alignwide size-large\"><img decoding=\"async\" width=\"1024\" height=\"576\" src=\"https:\/\/cabauhotels.com\/wp-content\/uploads\/2025\/08\/palma-de-majorca-palau-de-la-almudaina-1024x576.webp\" alt=\"Der K&#xF6;nigspalast La Almudaina\" class=\"wp-image-4628\" srcset=\"https:\/\/cabauhotels.com\/wp-content\/uploads\/2025\/08\/palma-de-majorca-palau-de-la-almudaina-1024x576.webp 1024w, https:\/\/cabauhotels.com\/wp-content\/uploads\/2025\/08\/palma-de-majorca-palau-de-la-almudaina-300x169.webp 300w, https:\/\/cabauhotels.com\/wp-content\/uploads\/2025\/08\/palma-de-majorca-palau-de-la-almudaina-768x432.webp 768w, https:\/\/cabauhotels.com\/wp-content\/uploads\/2025\/08\/palma-de-majorca-palau-de-la-almudaina-1536x864.webp 1536w, https:\/\/cabauhotels.com\/wp-content\/uploads\/2025\/08\/palma-de-majorca-palau-de-la-almudaina.webp 1920w\" sizes=\"(max-width: 1024px) 100vw, 1024px\" \/><\/figure>\n\n<p>Direkt neben der Kathedrale liegt der K\u00f6nigspalast La Almudaina \u2013 und tr\u00e4gt seinen arabischen Namen wie eine Narbe, oder vielleicht wie ein Tattoo. Urspr\u00fcnglich eine muslimische Festung, wurde er nach der christlichen R\u00fcckeroberung 1229 zur k\u00f6niglichen Residenz. Seine Architektur ist ein visuelles Spannungsfeld: Hufeisenb\u00f6gen treffen auf gotische Kapellen, andalusische Innenh\u00f6fe auf kastilische Repr\u00e4sentationsr\u00e4ume.  <\/p>\n\n<p>Auch heute noch wird der Palast bei offiziellen Anl\u00e4ssen genutzt. Ein Teil Museum, ein Teil Machtb\u00fchne. Wer hier hindurchgeht, durchschreitet Jahrhunderte \u2013 ein Fotoalbum mit retuschierten Gesichtern, aber ehrlichen Augen.   <\/p>\n\n<h2 class=\"wp-block-heading\">Die Lonja: Als Handel noch heilig war<\/h2>\n\n<figure class=\"wp-block-image alignwide size-full\"><img decoding=\"async\" width=\"1024\" height=\"576\" src=\"https:\/\/cabauhotels.com\/wp-content\/uploads\/2025\/08\/la-lonja-palma-de-mallorca.webp\" alt=\"Die Lonja palma de mallorca\" class=\"wp-image-4632\" srcset=\"https:\/\/cabauhotels.com\/wp-content\/uploads\/2025\/08\/la-lonja-palma-de-mallorca.webp 1024w, https:\/\/cabauhotels.com\/wp-content\/uploads\/2025\/08\/la-lonja-palma-de-mallorca-300x169.webp 300w, https:\/\/cabauhotels.com\/wp-content\/uploads\/2025\/08\/la-lonja-palma-de-mallorca-768x432.webp 768w\" sizes=\"(max-width: 1024px) 100vw, 1024px\" \/><\/figure>\n\n<p>Im 15. Jahrhundert hatte auch der Handel seine Kathedralen. Die Lonja von Palma \u2013 erbaut zwischen 1426 und 1448 vom Architekten Guillem Sagrera \u2013 ist ein gotisches Zivilbauwerk von seltener Sch\u00f6nheit: n\u00fcchtern, majest\u00e4tisch, fast hypnotisch. Ihre spiralf\u00f6rmigen S\u00e4ulen wirken wie steinerne Pflanzen, die zum Himmel des Kapitals streben.  <\/p>\n\n<p>Heute wird hier nicht mehr mit Seide und Gew\u00fcrzen gehandelt, sondern mit Kunst und Ideen. Der Geruch von Salz wurde durch den von Ausstellungsraum ersetzt \u2013 aber der Ehrgeiz der H\u00e4ndler vergangener Jahrhunderte scheint noch in den W\u00e4nden zu vibrieren. <\/p>\n\n<h2 class=\"wp-block-heading\">Die Arabischen B\u00e4der: Dampf aus einer vergessenen Welt<\/h2>\n\n<figure class=\"wp-block-image alignwide size-large\"><img loading=\"lazy\" decoding=\"async\" width=\"1024\" height=\"577\" src=\"https:\/\/cabauhotels.com\/wp-content\/uploads\/2025\/08\/banos-arabes-palma-de-mallorca-1024x577.webp\" alt=\"Arabischen B&#xE4;der palma de mallorca\" class=\"wp-image-4635\" srcset=\"https:\/\/cabauhotels.com\/wp-content\/uploads\/2025\/08\/banos-arabes-palma-de-mallorca-1024x577.webp 1024w, https:\/\/cabauhotels.com\/wp-content\/uploads\/2025\/08\/banos-arabes-palma-de-mallorca-300x169.webp 300w, https:\/\/cabauhotels.com\/wp-content\/uploads\/2025\/08\/banos-arabes-palma-de-mallorca-768x432.webp 768w, https:\/\/cabauhotels.com\/wp-content\/uploads\/2025\/08\/banos-arabes-palma-de-mallorca.webp 1174w\" sizes=\"(max-width: 1024px) 100vw, 1024px\" \/><\/figure>\n\n<p>Versteckt im Viertel Can Serra liegen die Arabischen B\u00e4der \u2013 ein Fl\u00fcstern inmitten des touristischen Trubels. Klein, diskret, beinahe geheim. Sie stammen aus dem 10. oder 11. Jahrhundert, als Palma noch <em>Madina Mayurqa<\/em> hie\u00df und Teil von Al-Andalus war. <\/p>\n\n<p>Die zentrale Halle mit ihrer kuppelf\u00f6rmigen Decke, durchbrochen von sternf\u00f6rmigen Licht\u00f6ffnungen, ist ein architektonisches Gedicht aus Licht und Schatten. Umgeben von Zitrusb\u00e4umen und Stille, sind diese B\u00e4der kein blo\u00dfes Denkmal \u2013 sie sind ein atmender Rest eines untergegangenen Lebensstils.   <\/p>\n\n<h2 class=\"wp-block-heading\">Tipps f\u00fcr ein w\u00fcrdiges Verirren<\/h2>\n\n<p>\u2013 Trage bequemes Schuhwerk: Geschichte bevorzugt Kopfsteinpflaster.<br\/>\u2013 Beginne bei der Kathedrale, aber folge danach deinem eigenen Rhythmus.<br\/>\u2013 Meide die Touristenstr\u00f6me \u2013 fr\u00fch oder sp\u00e4t ist die Stadt am ehrlichsten.<br\/>\u2013 Buche eine F\u00fchrung, wenn du h\u00f6ren willst, was die Steine nicht von selbst erz\u00e4hlen.<br\/>\u2013 Und wenn m\u00f6glich: \u00dcbernachte im Hotel Gloria de Sant Jaume, einem charmanten Boutique-Hotel im Herzen der Altstadt, wo Geschichte und Gegenwart auf Seide sto\u00dfen. Buchung hier: <a href=\"http:\/\/Enlazado%20a%20https:\/\/cabauhotels.com\/gloria-sant-jaume\/\" target=\"_blank\" rel=\"noreferrer noopener\">Hotel Gloria de Sant Jaume<\/a> <\/p>\n\n<h2 class=\"wp-block-heading\">Palma: Stadt der Masken, Stadt der Spiegel<\/h2>\n\n<p>Was ist Palma de Mallorca wirklich? R\u00f6misches Lager, islamische Medine, christliches Bollwerk, maritime Drehscheibe, Tourismus-Mekka. Die Stadt hat viele Rollen gespielt, viele Stimmen gehabt. Jede Mauer ist ein Satz, jede Gasse ein Gedicht mit Fu\u00dfnoten.<br\/>Palmas Altstadt zu durchqueren ist mehr als Sightseeing. Es ist ein Dialog mit der europ\u00e4ischen Geschichte \u2013 leise, aber eindringlich.   <\/p>\n\n<p>Denn Palma ist keine Stadt, die man einfach anschaut. Es ist eine Stadt, die man h\u00f6rt. <\/p>\n","protected":false},"excerpt":{"rendered":"<p>Palma de Mallorca: Eine Stadt aus Stein, Schatten und Salz Die meisten Besucher kommen nach Palma de Mallorca auf der Suche nach einer Postkarte: t\u00fcrkisfarbenes Meer, k\u00fchle Getr\u00e4nke, Sonnenunterg\u00e4nge durch Sonnenbrillen gefiltert und Instagram-optimiert. Doch unter dieser sonnengetr\u00e4nkten Oberfl\u00e4che \u2013 so verf\u00fchrerisch wie fl\u00fcchtig \u2013 verbirgt sich eine Stadt, die ihre Geschichte nicht vergisst. Sie [&hellip;]<\/p>\n","protected":false},"author":1,"featured_media":4624,"comment_status":"open","ping_status":"open","sticky":false,"template":"","format":"standard","meta":{"_acf_changed":false,"site-sidebar-layout":"default","site-content-layout":"","ast-site-content-layout":"default","site-content-style":"default","site-sidebar-style":"default","ast-global-header-display":"","ast-banner-title-visibility":"","ast-main-header-display":"","ast-hfb-above-header-display":"","ast-hfb-below-header-display":"","ast-hfb-mobile-header-display":"","site-post-title":"","ast-breadcrumbs-content":"","ast-featured-img":"","footer-sml-layout":"","ast-disable-related-posts":"","theme-transparent-header-meta":"","adv-header-id-meta":"","stick-header-meta":"","header-above-stick-meta":"","header-main-stick-meta":"","header-below-stick-meta":"","astra-migrate-meta-layouts":"default","ast-page-background-enabled":"default","ast-page-background-meta":{"desktop":{"background-color":"","background-image":"","background-repeat":"repeat","background-position":"center center","background-size":"auto","background-attachment":"scroll","background-type":"","background-media":"","overlay-type":"","overlay-color":"","overlay-opacity":"","overlay-gradient":""},"tablet":{"background-color":"","background-image":"","background-repeat":"repeat","background-position":"center center","background-size":"auto","background-attachment":"scroll","background-type":"","background-media":"","overlay-type":"","overlay-color":"","overlay-opacity":"","overlay-gradient":""},"mobile":{"background-color":"","background-image":"","background-repeat":"repeat","background-position":"center center","background-size":"auto","background-attachment":"scroll","background-type":"","background-media":"","overlay-type":"","overlay-color":"","overlay-opacity":"","overlay-gradient":""}},"ast-content-background-meta":{"desktop":{"background-color":"var(--ast-global-color-5)","background-image":"","background-repeat":"repeat","background-position":"center center","background-size":"auto","background-attachment":"scroll","background-type":"","background-media":"","overlay-type":"","overlay-color":"","overlay-opacity":"","overlay-gradient":""},"tablet":{"background-color":"var(--ast-global-color-5)","background-image":"","background-repeat":"repeat","background-position":"center center","background-size":"auto","background-attachment":"scroll","background-type":"","background-media":"","overlay-type":"","overlay-color":"","overlay-opacity":"","overlay-gradient":""},"mobile":{"background-color":"var(--ast-global-color-5)","background-image":"","background-repeat":"repeat","background-position":"center center","background-size":"auto","background-attachment":"scroll","background-type":"","background-media":"","overlay-type":"","overlay-color":"","overlay-opacity":"","overlay-gradient":""}},"footnotes":""},"categories":[76],"tags":[],"class_list":["post-4641","post","type-post","status-publish","format-standard","has-post-thumbnail","hentry","category-mallorca"],"acf":[],"_links":{"self":[{"href":"https:\/\/cabauhotels.com\/de\/wp-json\/wp\/v2\/posts\/4641","targetHints":{"allow":["GET"]}}],"collection":[{"href":"https:\/\/cabauhotels.com\/de\/wp-json\/wp\/v2\/posts"}],"about":[{"href":"https:\/\/cabauhotels.com\/de\/wp-json\/wp\/v2\/types\/post"}],"author":[{"embeddable":true,"href":"https:\/\/cabauhotels.com\/de\/wp-json\/wp\/v2\/users\/1"}],"replies":[{"embeddable":true,"href":"https:\/\/cabauhotels.com\/de\/wp-json\/wp\/v2\/comments?post=4641"}],"version-history":[{"count":0,"href":"https:\/\/cabauhotels.com\/de\/wp-json\/wp\/v2\/posts\/4641\/revisions"}],"wp:featuredmedia":[{"embeddable":true,"href":"https:\/\/cabauhotels.com\/de\/wp-json\/wp\/v2\/media\/4624"}],"wp:attachment":[{"href":"https:\/\/cabauhotels.com\/de\/wp-json\/wp\/v2\/media?parent=4641"}],"wp:term":[{"taxonomy":"category","embeddable":true,"href":"https:\/\/cabauhotels.com\/de\/wp-json\/wp\/v2\/categories?post=4641"},{"taxonomy":"post_tag","embeddable":true,"href":"https:\/\/cabauhotels.com\/de\/wp-json\/wp\/v2\/tags?post=4641"}],"curies":[{"name":"wp","href":"https:\/\/api.w.org\/{rel}","templated":true}]}}